{"id":10989,"date":"2022-05-18T17:01:00","date_gmt":"2022-05-18T15:01:00","guid":{"rendered":"https:\/\/tecnologiehosting.it\/?p=10989"},"modified":"2022-10-18T16:09:02","modified_gmt":"2022-10-18T14:09:02","slug":"adesione-confindustria-alto-adriatico","status":"publish","type":"post","link":"https:\/\/bio4dreams.com\/en\/adesione-confindustria-alto-adriatico\/","title":{"rendered":"Bio4Dreams aderisce a Confindustria Alto Adriatico"},"content":{"rendered":"\n<p>Dopo Milano, <strong>Trieste \u00e8 dove Bio4Dreams ha la pi\u00f9 intensa attivit\u00e0 e presenza sul territorio<\/strong>. Infatti, oltre che avere, dal 2019, una sede presso il <strong><a href=\"https:\/\/www.incubatori.fvg.it\/it\/\" target=\"_blank\" rel=\"noreferrer noopener\">BIC Incubatori FVG<\/a><\/strong>, Bio4Dreams ha in gestione, in qualit\u00e0 di capofila di un Raggruppamento Temporaneo di Impresa, l\u2019<strong><a href=\"https:\/\/urbancenter.comune.trieste.it\/\" target=\"_blank\" rel=\"noreferrer noopener\">Urban Center di Trieste<\/a><\/strong>, un hub d\u2019innovazione nel centro della citt\u00e0 che \u00e8 punto di riferimento per istituzioni, imprese e cittadini.<\/p>\n\n\n\n<p>Le attivit\u00e0 che vengono effettuate in Urban Center hanno permesso a Bio4Dreams di <strong>entrare in contatto stretto con il tessuto imprenditoriale locale e quindi con <a href=\"https:\/\/www.confindustriaaltoadriatico.it\/\" target=\"_blank\" rel=\"noreferrer noopener\">Confindustria Alto Adriatico<\/a><\/strong>, che \u00e8 coinvolta in varie iniziative ed eventi legati al Centro.<\/p>\n\n\n\n<p><strong>L\u2019adesione<\/strong> di Bio4Dreams a Confindustria Alto Adriatico, gi\u00e0 socio di Assolombarda, <strong>vuole rafforzare la presenza strategica sul territorio<\/strong> e contribuire a creare maggiori sinergie per favorire lo sviluppo imprenditoriale, in particolare giovanile, ed economico del territorio, <strong>realizzando un asse dell\u2019innovazione Milano-Trieste nelle Life Sciences<\/strong>, che potr\u00e0 potenziarsi e consolidarsi anche con il prossimo spostamento, entro fine ottobre, dell\u2019<a href=\"https:\/\/tecnologiehosting.it\/insediamento-mind-milano-innovation-district-headquarter-sharedlabs\/\" target=\"_blank\" rel=\"noreferrer noopener\">headquarter<\/a> di Bio4Dreams presso il <a href=\"https:\/\/www.mindmilano.it\/\" target=\"_blank\" rel=\"noreferrer noopener\">MIND \u2013 Milano Innovation District<\/a>, nuova cittadella internazionale dell\u2019innovazione.<\/p>\n\n\n\n<blockquote class=\"wp-block-quote is-layout-flow wp-block-quote-is-layout-flow\"><p><em>\u201cAnche con questa adesione a Confindustria Alto Adriatico, Bio4Dreams intende proseguire il consolidamento della propria presenza sul territorio triestino e della Regione Friuli-Venezia Giulia, con l\u2019obiettivo di stimolare e promuovere l\u2019imprenditoria giovanile e dare nuovo valore e occupazione per il territorio nel contesto delle Scienze della Vita.\u201d<\/em><\/p><cite><strong>Elisabetta Borello<\/strong>, Co-Founder, VP Strategy &amp; External Relations Bio4Dreams<\/cite><\/blockquote>\n\n\n\n<h2 class=\"wp-block-heading\">Confindustria Alto Adriatico<\/h2>\n\n\n\n<p>Nata nel 2020 dall\u2019unione di Confindustria Venezia Giulia e Unione Industriali Pordenone, <strong>Confindustria Alto Adriatico<\/strong> \u00e8 un\u2019associazione di categoria imprenditoriale, autonoma e indipendente, che si propone di favorire e tutelare le imprese, viste come il motore per lo sviluppo economico, sociale e civile del Paese.<\/p>\n\n\n\n<p>Grazie al suo unico assetto operativo, unito alle tre sedi di Trieste, Gorizia e Pordenone, Confindustria Alto Adriatico si pone come un interlocutore capace di dialogare e collaborare con attori diversi \u2013 quali la Pubblica Amministrazione, gli enti, le associazioni, i sindacati, l&#8217;Universit\u00e0 e il mondo della ricerca \u2013 al fine di creare valore e rinnovamento sul territorio.<\/p>\n","protected":false},"excerpt":{"rendered":"<p>Con l\u2019adesione a Confindustria Alto Adriatico Bio4Dreams vuole potenziare la presenza e le sinergie nel tessuto imprenditoriale di Trieste e del Friuli-Venezia Giulia.<\/p>\n","protected":false},"author":2,"featured_media":11922,"comment_status":"closed","ping_status":"closed","sticky":false,"template":"","format":"standard","meta":{"_acf_changed":false,"inline_featured_image":false,"footnotes":""},"categories":[18],"tags":[],"class_list":["post-10989","post","type-post","status-publish","format-standard","has-post-thumbnail","hentry","category-corporate"],"acf":[],"yoast_head":"<!-- This site is optimized with the Yoast SEO plugin v27.4 - https:\/\/yoast.com\/product\/yoast-seo-wordpress\/ -->\n<title>Bio4Dreams aderisce a Confindustria Alto Adriatico<\/title>\n<meta name=\"description\" content=\"Con l\u2019adesione a Confindustria Alto Adriatico, Bio4Dreams potenzia la presenza e le sinergie nel tessuto imprenditoriale di Trieste e del FVG.\" \/>\n<meta name=\"robots\" content=\"index, follow, max-snippet:-1, max-image-preview:large, max-video-preview:-1\" \/>\n<link rel=\"canonical\" href=\"https:\/\/bio4dreams.com\/adesione-confindustria-alto-adriatico\/\" \/>\n<meta property=\"og:locale\" content=\"en_US\" \/>\n<meta property=\"og:type\" content=\"article\" \/>\n<meta property=\"og:title\" content=\"Bio4Dreams aderisce a Confindustria Alto Adriatico\" \/>\n<meta property=\"og:description\" content=\"Con l\u2019adesione a Confindustria Alto Adriatico, Bio4Dreams potenzia la presenza e le sinergie nel tessuto imprenditoriale di Trieste e del FVG.\" \/>\n<meta property=\"og:url\" content=\"https:\/\/bio4dreams.com\/adesione-confindustria-alto-adriatico\/\" \/>\n<meta property=\"og:site_name\" content=\"Bio4Dreams\" \/>\n<meta property=\"article:publisher\" content=\"https:\/\/www.facebook.com\/Bio4Dreams\/\" \/>\n<meta property=\"article:published_time\" content=\"2022-05-18T15:01:00+00:00\" \/>\n<meta property=\"article:modified_time\" content=\"2022-10-18T14:09:02+00:00\" \/>\n<meta property=\"og:image\" content=\"https:\/\/bio4dreams.com\/wp-content\/uploads\/Adesione-Confindustria-Alto-Adriatico.jpg\" \/>\n\t<meta property=\"og:image:width\" content=\"1920\" \/>\n\t<meta property=\"og:image:height\" content=\"1080\" \/>\n\t<meta property=\"og:image:type\" content=\"image\/jpeg\" \/>\n<meta name=\"author\" content=\"Bio4Dreams\" \/>\n<meta name=\"twitter:card\" content=\"summary_large_image\" \/>\n<meta name=\"twitter:creator\" content=\"@bio4dreams\" \/>\n<meta name=\"twitter:site\" content=\"@bio4dreams\" \/>\n<meta name=\"twitter:label1\" content=\"Written by\" \/>\n\t<meta name=\"twitter:data1\" content=\"Bio4Dreams\" \/>\n\t<meta name=\"twitter:label2\" content=\"Est. reading time\" \/>\n\t<meta name=\"twitter:data2\" content=\"2 minutes\" \/>\n<script type=\"application\/ld+json\" class=\"yoast-schema-graph\">{\"@context\":\"https:\\\/\\\/schema.org\",\"@graph\":[{\"@type\":\"Article\",\"@id\":\"https:\\\/\\\/bio4dreams.com\\\/adesione-confindustria-alto-adriatico\\\/#article\",\"isPartOf\":{\"@id\":\"https:\\\/\\\/bio4dreams.com\\\/adesione-confindustria-alto-adriatico\\\/\"},\"author\":{\"name\":\"Bio4Dreams\",\"@id\":\"https:\\\/\\\/bio4dreams.com\\\/#\\\/schema\\\/person\\\/46cd3f9ef1ad642ee3f40a199ff79588\"},\"headline\":\"Bio4Dreams aderisce a Confindustria Alto Adriatico\",\"datePublished\":\"2022-05-18T15:01:00+00:00\",\"dateModified\":\"2022-10-18T14:09:02+00:00\",\"mainEntityOfPage\":{\"@id\":\"https:\\\/\\\/bio4dreams.com\\\/adesione-confindustria-alto-adriatico\\\/\"},\"wordCount\":351,\"publisher\":{\"@id\":\"https:\\\/\\\/bio4dreams.com\\\/#organization\"},\"image\":{\"@id\":\"https:\\\/\\\/bio4dreams.com\\\/adesione-confindustria-alto-adriatico\\\/#primaryimage\"},\"thumbnailUrl\":\"https:\\\/\\\/bio4dreams.com\\\/wp-content\\\/uploads\\\/Adesione-Confindustria-Alto-Adriatico.jpg\",\"articleSection\":[\"Corporate\"],\"inLanguage\":\"en-US\"},{\"@type\":\"WebPage\",\"@id\":\"https:\\\/\\\/bio4dreams.com\\\/adesione-confindustria-alto-adriatico\\\/\",\"url\":\"https:\\\/\\\/bio4dreams.com\\\/adesione-confindustria-alto-adriatico\\\/\",\"name\":\"Bio4Dreams aderisce a Confindustria Alto Adriatico\",\"isPartOf\":{\"@id\":\"https:\\\/\\\/bio4dreams.com\\\/#website\"},\"primaryImageOfPage\":{\"@id\":\"https:\\\/\\\/bio4dreams.com\\\/adesione-confindustria-alto-adriatico\\\/#primaryimage\"},\"image\":{\"@id\":\"https:\\\/\\\/bio4dreams.com\\\/adesione-confindustria-alto-adriatico\\\/#primaryimage\"},\"thumbnailUrl\":\"https:\\\/\\\/bio4dreams.com\\\/wp-content\\\/uploads\\\/Adesione-Confindustria-Alto-Adriatico.jpg\",\"datePublished\":\"2022-05-18T15:01:00+00:00\",\"dateModified\":\"2022-10-18T14:09:02+00:00\",\"description\":\"Con l\u2019adesione a Confindustria Alto Adriatico, Bio4Dreams potenzia la presenza e le sinergie nel tessuto imprenditoriale di Trieste e del FVG.\",\"breadcrumb\":{\"@id\":\"https:\\\/\\\/bio4dreams.com\\\/adesione-confindustria-alto-adriatico\\\/#breadcrumb\"},\"inLanguage\":\"en-US\",\"potentialAction\":[{\"@type\":\"ReadAction\",\"target\":[\"https:\\\/\\\/bio4dreams.com\\\/adesione-confindustria-alto-adriatico\\\/\"]}]},{\"@type\":\"ImageObject\",\"inLanguage\":\"en-US\",\"@id\":\"https:\\\/\\\/bio4dreams.com\\\/adesione-confindustria-alto-adriatico\\\/#primaryimage\",\"url\":\"https:\\\/\\\/bio4dreams.com\\\/wp-content\\\/uploads\\\/Adesione-Confindustria-Alto-Adriatico.jpg\",\"contentUrl\":\"https:\\\/\\\/bio4dreams.com\\\/wp-content\\\/uploads\\\/Adesione-Confindustria-Alto-Adriatico.jpg\",\"width\":1920,\"height\":1080,\"caption\":\"Adesione Confindustria Alto Adriatico\"},{\"@type\":\"BreadcrumbList\",\"@id\":\"https:\\\/\\\/bio4dreams.com\\\/adesione-confindustria-alto-adriatico\\\/#breadcrumb\",\"itemListElement\":[{\"@type\":\"ListItem\",\"position\":1,\"name\":\"Home\",\"item\":\"https:\\\/\\\/bio4dreams.com\\\/en\\\/home\\\/\"},{\"@type\":\"ListItem\",\"position\":2,\"name\":\"Bio4Dreams aderisce a Confindustria Alto Adriatico\"}]},{\"@type\":\"WebSite\",\"@id\":\"https:\\\/\\\/bio4dreams.com\\\/#website\",\"url\":\"https:\\\/\\\/bio4dreams.com\\\/\",\"name\":\"Bio4Dreams\",\"description\":\"La Business Nursery per le Scienze della Vita\",\"publisher\":{\"@id\":\"https:\\\/\\\/bio4dreams.com\\\/#organization\"},\"potentialAction\":[{\"@type\":\"SearchAction\",\"target\":{\"@type\":\"EntryPoint\",\"urlTemplate\":\"https:\\\/\\\/bio4dreams.com\\\/?s={search_term_string}\"},\"query-input\":{\"@type\":\"PropertyValueSpecification\",\"valueRequired\":true,\"valueName\":\"search_term_string\"}}],\"inLanguage\":\"en-US\"},{\"@type\":\"Organization\",\"@id\":\"https:\\\/\\\/bio4dreams.com\\\/#organization\",\"name\":\"Bio4Dreams S.p.A.\",\"url\":\"https:\\\/\\\/bio4dreams.com\\\/\",\"logo\":{\"@type\":\"ImageObject\",\"inLanguage\":\"en-US\",\"@id\":\"https:\\\/\\\/bio4dreams.com\\\/#\\\/schema\\\/logo\\\/image\\\/\",\"url\":\"\",\"contentUrl\":\"\",\"caption\":\"Bio4Dreams S.p.A.\"},\"image\":{\"@id\":\"https:\\\/\\\/bio4dreams.com\\\/#\\\/schema\\\/logo\\\/image\\\/\"},\"sameAs\":[\"https:\\\/\\\/www.facebook.com\\\/Bio4Dreams\\\/\",\"https:\\\/\\\/x.com\\\/bio4dreams\",\"https:\\\/\\\/www.instagram.com\\\/bio4dreams\\\/\",\"https:\\\/\\\/it.linkedin.com\\\/company\\\/bio4dreams\",\"https:\\\/\\\/www.youtube.com\\\/channel\\\/UClKlMPs6Lgd23ZIHlnCI4QA\"]},{\"@type\":\"Person\",\"@id\":\"https:\\\/\\\/bio4dreams.com\\\/#\\\/schema\\\/person\\\/46cd3f9ef1ad642ee3f40a199ff79588\",\"name\":\"Bio4Dreams\",\"image\":{\"@type\":\"ImageObject\",\"inLanguage\":\"en-US\",\"@id\":\"https:\\\/\\\/secure.gravatar.com\\\/avatar\\\/b01bebe85fb01519a2f8a5a3197c5ed994c848e6a4b167c2cb0a0cbc77e8bfed?s=96&d=mm&r=g\",\"url\":\"https:\\\/\\\/secure.gravatar.com\\\/avatar\\\/b01bebe85fb01519a2f8a5a3197c5ed994c848e6a4b167c2cb0a0cbc77e8bfed?s=96&d=mm&r=g\",\"contentUrl\":\"https:\\\/\\\/secure.gravatar.com\\\/avatar\\\/b01bebe85fb01519a2f8a5a3197c5ed994c848e6a4b167c2cb0a0cbc77e8bfed?s=96&d=mm&r=g\",\"caption\":\"Bio4Dreams\"}}]}<\/script>\n<!-- \/ Yoast SEO plugin. -->","yoast_head_json":{"title":"Bio4Dreams aderisce a Confindustria Alto Adriatico","description":"Con l\u2019adesione a Confindustria Alto Adriatico, Bio4Dreams potenzia la presenza e le sinergie nel tessuto imprenditoriale di Trieste e del FVG.","robots":{"index":"index","follow":"follow","max-snippet":"max-snippet:-1","max-image-preview":"max-image-preview:large","max-video-preview":"max-video-preview:-1"},"canonical":"https:\/\/bio4dreams.com\/adesione-confindustria-alto-adriatico\/","og_locale":"en_US","og_type":"article","og_title":"Bio4Dreams aderisce a Confindustria Alto Adriatico","og_description":"Con l\u2019adesione a Confindustria Alto Adriatico, Bio4Dreams potenzia la presenza e le sinergie nel tessuto imprenditoriale di Trieste e del FVG.","og_url":"https:\/\/bio4dreams.com\/adesione-confindustria-alto-adriatico\/","og_site_name":"Bio4Dreams","article_publisher":"https:\/\/www.facebook.com\/Bio4Dreams\/","article_published_time":"2022-05-18T15:01:00+00:00","article_modified_time":"2022-10-18T14:09:02+00:00","og_image":[{"width":1920,"height":1080,"url":"https:\/\/bio4dreams.com\/wp-content\/uploads\/Adesione-Confindustria-Alto-Adriatico.jpg","type":"image\/jpeg"}],"author":"Bio4Dreams","twitter_card":"summary_large_image","twitter_creator":"@bio4dreams","twitter_site":"@bio4dreams","twitter_misc":{"Written by":"Bio4Dreams","Est. reading time":"2 minutes"},"schema":{"@context":"https:\/\/schema.org","@graph":[{"@type":"Article","@id":"https:\/\/bio4dreams.com\/adesione-confindustria-alto-adriatico\/#article","isPartOf":{"@id":"https:\/\/bio4dreams.com\/adesione-confindustria-alto-adriatico\/"},"author":{"name":"Bio4Dreams","@id":"https:\/\/bio4dreams.com\/#\/schema\/person\/46cd3f9ef1ad642ee3f40a199ff79588"},"headline":"Bio4Dreams aderisce a Confindustria Alto Adriatico","datePublished":"2022-05-18T15:01:00+00:00","dateModified":"2022-10-18T14:09:02+00:00","mainEntityOfPage":{"@id":"https:\/\/bio4dreams.com\/adesione-confindustria-alto-adriatico\/"},"wordCount":351,"publisher":{"@id":"https:\/\/bio4dreams.com\/#organization"},"image":{"@id":"https:\/\/bio4dreams.com\/adesione-confindustria-alto-adriatico\/#primaryimage"},"thumbnailUrl":"https:\/\/bio4dreams.com\/wp-content\/uploads\/Adesione-Confindustria-Alto-Adriatico.jpg","articleSection":["Corporate"],"inLanguage":"en-US"},{"@type":"WebPage","@id":"https:\/\/bio4dreams.com\/adesione-confindustria-alto-adriatico\/","url":"https:\/\/bio4dreams.com\/adesione-confindustria-alto-adriatico\/","name":"Bio4Dreams aderisce a Confindustria Alto Adriatico","isPartOf":{"@id":"https:\/\/bio4dreams.com\/#website"},"primaryImageOfPage":{"@id":"https:\/\/bio4dreams.com\/adesione-confindustria-alto-adriatico\/#primaryimage"},"image":{"@id":"https:\/\/bio4dreams.com\/adesione-confindustria-alto-adriatico\/#primaryimage"},"thumbnailUrl":"https:\/\/bio4dreams.com\/wp-content\/uploads\/Adesione-Confindustria-Alto-Adriatico.jpg","datePublished":"2022-05-18T15:01:00+00:00","dateModified":"2022-10-18T14:09:02+00:00","description":"Con l\u2019adesione a Confindustria Alto Adriatico, Bio4Dreams potenzia la presenza e le sinergie nel tessuto imprenditoriale di Trieste e del FVG.","breadcrumb":{"@id":"https:\/\/bio4dreams.com\/adesione-confindustria-alto-adriatico\/#breadcrumb"},"inLanguage":"en-US","potentialAction":[{"@type":"ReadAction","target":["https:\/\/bio4dreams.com\/adesione-confindustria-alto-adriatico\/"]}]},{"@type":"ImageObject","inLanguage":"en-US","@id":"https:\/\/bio4dreams.com\/adesione-confindustria-alto-adriatico\/#primaryimage","url":"https:\/\/bio4dreams.com\/wp-content\/uploads\/Adesione-Confindustria-Alto-Adriatico.jpg","contentUrl":"https:\/\/bio4dreams.com\/wp-content\/uploads\/Adesione-Confindustria-Alto-Adriatico.jpg","width":1920,"height":1080,"caption":"Adesione Confindustria Alto Adriatico"},{"@type":"BreadcrumbList","@id":"https:\/\/bio4dreams.com\/adesione-confindustria-alto-adriatico\/#breadcrumb","itemListElement":[{"@type":"ListItem","position":1,"name":"Home","item":"https:\/\/bio4dreams.com\/en\/home\/"},{"@type":"ListItem","position":2,"name":"Bio4Dreams aderisce a Confindustria Alto Adriatico"}]},{"@type":"WebSite","@id":"https:\/\/bio4dreams.com\/#website","url":"https:\/\/bio4dreams.com\/","name":"Bio4Dreams","description":"La Business Nursery per le Scienze della Vita","publisher":{"@id":"https:\/\/bio4dreams.com\/#organization"},"potentialAction":[{"@type":"SearchAction","target":{"@type":"EntryPoint","urlTemplate":"https:\/\/bio4dreams.com\/?s={search_term_string}"},"query-input":{"@type":"PropertyValueSpecification","valueRequired":true,"valueName":"search_term_string"}}],"inLanguage":"en-US"},{"@type":"Organization","@id":"https:\/\/bio4dreams.com\/#organization","name":"Bio4Dreams S.p.A.","url":"https:\/\/bio4dreams.com\/","logo":{"@type":"ImageObject","inLanguage":"en-US","@id":"https:\/\/bio4dreams.com\/#\/schema\/logo\/image\/","url":"","contentUrl":"","caption":"Bio4Dreams S.p.A."},"image":{"@id":"https:\/\/bio4dreams.com\/#\/schema\/logo\/image\/"},"sameAs":["https:\/\/www.facebook.com\/Bio4Dreams\/","https:\/\/x.com\/bio4dreams","https:\/\/www.instagram.com\/bio4dreams\/","https:\/\/it.linkedin.com\/company\/bio4dreams","https:\/\/www.youtube.com\/channel\/UClKlMPs6Lgd23ZIHlnCI4QA"]},{"@type":"Person","@id":"https:\/\/bio4dreams.com\/#\/schema\/person\/46cd3f9ef1ad642ee3f40a199ff79588","name":"Bio4Dreams","image":{"@type":"ImageObject","inLanguage":"en-US","@id":"https:\/\/secure.gravatar.com\/avatar\/b01bebe85fb01519a2f8a5a3197c5ed994c848e6a4b167c2cb0a0cbc77e8bfed?s=96&d=mm&r=g","url":"https:\/\/secure.gravatar.com\/avatar\/b01bebe85fb01519a2f8a5a3197c5ed994c848e6a4b167c2cb0a0cbc77e8bfed?s=96&d=mm&r=g","contentUrl":"https:\/\/secure.gravatar.com\/avatar\/b01bebe85fb01519a2f8a5a3197c5ed994c848e6a4b167c2cb0a0cbc77e8bfed?s=96&d=mm&r=g","caption":"Bio4Dreams"}}]}},"_links":{"self":[{"href":"https:\/\/bio4dreams.com\/en\/wp-json\/wp\/v2\/posts\/10989","targetHints":{"allow":["GET"]}}],"collection":[{"href":"https:\/\/bio4dreams.com\/en\/wp-json\/wp\/v2\/posts"}],"about":[{"href":"https:\/\/bio4dreams.com\/en\/wp-json\/wp\/v2\/types\/post"}],"author":[{"embeddable":true,"href":"https:\/\/bio4dreams.com\/en\/wp-json\/wp\/v2\/users\/2"}],"replies":[{"embeddable":true,"href":"https:\/\/bio4dreams.com\/en\/wp-json\/wp\/v2\/comments?post=10989"}],"version-history":[{"count":7,"href":"https:\/\/bio4dreams.com\/en\/wp-json\/wp\/v2\/posts\/10989\/revisions"}],"predecessor-version":[{"id":11529,"href":"https:\/\/bio4dreams.com\/en\/wp-json\/wp\/v2\/posts\/10989\/revisions\/11529"}],"wp:featuredmedia":[{"embeddable":true,"href":"https:\/\/bio4dreams.com\/en\/wp-json\/wp\/v2\/media\/11922"}],"wp:attachment":[{"href":"https:\/\/bio4dreams.com\/en\/wp-json\/wp\/v2\/media?parent=10989"}],"wp:term":[{"taxonomy":"category","embeddable":true,"href":"https:\/\/bio4dreams.com\/en\/wp-json\/wp\/v2\/categories?post=10989"},{"taxonomy":"post_tag","embeddable":true,"href":"https:\/\/bio4dreams.com\/en\/wp-json\/wp\/v2\/tags?post=10989"}],"curies":[{"name":"wp","href":"https:\/\/api.w.org\/{rel}","templated":true}]}}