{"id":9226,"date":"2021-06-30T16:25:00","date_gmt":"2021-06-30T14:25:00","guid":{"rendered":"https:\/\/tecnologiehosting.it\/?p=9226"},"modified":"2025-07-18T10:36:35","modified_gmt":"2025-07-18T08:36:35","slug":"presentazione-vii-rapporto-bioeconomia-in-europa","status":"publish","type":"post","link":"https:\/\/bio4dreams.com\/en\/presentazione-vii-rapporto-bioeconomia-in-europa\/","title":{"rendered":"Presentazione del VII rapporto sulla bioeconomia in Europa"},"content":{"rendered":"\n<p>Il 30 giugno 2021 si \u00e8 tenuta la presentazione del 7\u00b0 rapporto sulla bioeconomia in Europa, a cura della <a href=\"https:\/\/group.intesasanpaolo.com\/it\/research\">Direzione Studi e Ricerche di Intesa Sanpaolo<\/a> in collaborazione con il <a href=\"https:\/\/www.clusterspring.it\/home\/\">Cluster SPRING<\/a> e <a href=\"https:\/\/assobiotec.federchimica.it\/\">Federchimica Assobiotec<\/a>.<\/p>\n\n\n\n<p>L&#8217;evento, trasmesso in diretta dall&#8217;Urban Center di Trieste, \u00e8 stato organizzato in collaborazione con <a href=\"https:\/\/tecnologiehosting.it\/\">Bio4Dreams<\/a> e il <a href=\"https:\/\/www.comune.trieste.it\/\">Comune di Trieste<\/a>.<\/p>\n\n\n\n<h2 class=\"wp-block-heading\" id=\"il-rapporto-in-sintesi\">Il rapporto in sintesi<\/h2>\n\n\n\n<p>Nel 2020 la Bioeconomia in Italia, intesa come sistema che utilizza le risorse biologiche, inclusi gli scarti, come input per la produzione di beni ed energia, ha generato un output pari a 317 miliardi di euro, occupando poco meno di due milioni di persone.<\/p>\n\n\n\n<p>Dopo aver chiuso il 2019 con un incremento dell\u20191,4%, nel 2020 la Bioeconomia ha perso nel complesso il 6,5% del valore della produzione, un calo inferiore rispetto a quanto segnato dall\u2019intera economia (-8,8%): il peso della Bioeconomia in termini di produzione \u00e8 pertanto salito al 10,2% rispetto al 10% del 2019 e al 9,9% del 2018.<\/p>\n\n\n\n<p>In tutti i paesi europei il valore della Bioeconomia, che comprende molte attivit\u00e0 essenziali, ha registrato un calo meno rilevante rispetto al totale dell\u2019economia, evidenziando una maggiore resilienza allo shock pandemico.<\/p>\n\n\n\n<p>Il potenziale di sviluppo della Bioeconomia in ottica circolare \u00e8 elevato nel nostro paese e diffuso lungo tutto il territorio nazionale. Le stime originali del valore aggiunto della Bioeconomia nelle regioni italiane, realizzate in collaborazione con SRM-Studi e Ricerche per il Mezzogiorno, evidenziano un ruolo particolare della Bioeconomia nelle regioni del Nord-Est e del Mezzogiorno, con un peso della Bioeconomia sul valore aggiunto regionale dell\u20198,2% e 6,7% rispettivamente (anno 2018). Sotto la media italiana (6,4%) invece il peso della Bioeconomia nel Nord-Ovest (5,3%) e nel Centro (5,7%).<\/p>\n\n\n\n<p>Basilicata e Trentino-Alto Adige, con un\u2019incidenza del 9,3%, si posizionano ai primi posti per valore aggiunto della Bioeconomia sul totale. Seguono Toscana, Veneto ed Emilia-Romagna, con un peso compreso tra l\u20198% e l\u20198,7%.<\/p>\n\n\n\n<p>Le specificit\u00e0 del tessuto produttivo delle diverse regioni italiane si rispecchiano anche nell\u2019interesse verso le nuove frontiere della chimica bio-based, attivit\u00e0 che fatica ad essere colta attraverso le sole statistiche ufficiali vista la sua trasversalit\u00e0 e innovativit\u00e0. La mappatura, realizzata con il supporto del Cluster SPRING attraverso una pluralit\u00e0 di fonti, mette in luce un sistema dinamico e complesso, con pi\u00f9 di 830 soggetti, dalle 84 Universit\u00e0 e centri di Ricerca (pubblici e privati) alle circa 730 imprese (con pi\u00f9 di 500 start-up), a cui si affiancano altre istituzioni ed associazioni con ruolo di supporto e promozione.<\/p>\n\n\n\n<h2 class=\"wp-block-heading\" id=\"risorse-evento\">Risorse evento<\/h2>\n\n\n\n<p>\ud83d\udcc4 Vedi l&#8217;<a href=\"https:\/\/tecnologiehosting.it\/wp-content\/uploads\/VII-Rapporto-Bioeconomia_300621_Programma.pdf\">agenda dell&#8217;evento<\/a><br>\ud83d\udcc4 Vedi il <a href=\"https:\/\/group.intesasanpaolo.com\/it\/sala-stampa\/comunicati-stampa\/2021\/06\/intesa-sanpaolo--presentato-assieme-ad-assobiotec-e-il-cluster-s\">comunicato stampa<\/a><\/p>\n\n\n\n<p>\ud83d\udcf7 <a href=\"https:\/\/photos.app.goo.gl\/rbu4MpgDTKucN2cKA\" target=\"_blank\" rel=\"noreferrer noopener\">Sfoglia la galleria di foto<\/a>\u00a0<br>\ud83d\udcfa <a href=\"https:\/\/www.youtube.com\/watch?v=gcT-NfxMIFM\" target=\"_blank\" rel=\"noreferrer noopener\">Guarda il video completo<\/a><\/p>\n\n\n\n<figure class=\"wp-block-embed aligncenter is-type-video is-provider-youtube wp-block-embed-youtube wp-embed-aspect-16-9 wp-has-aspect-ratio\"><div class=\"wp-block-embed__wrapper\">\n<div class=\"x-resp-embed x-is-video x-is-youtube\"><iframe loading=\"lazy\" title=\"Presentazione del 7\u00b0 Rapporto sulla Bioeconomia in Europa\" width=\"798\" height=\"449\" src=\"https:\/\/www.youtube.com\/embed\/gcT-NfxMIFM?feature=oembed\" frameborder=\"0\" allow=\"accelerometer; autoplay; clipboard-write; encrypted-media; gyroscope; picture-in-picture; web-share\" referrerpolicy=\"strict-origin-when-cross-origin\" allowfullscreen><\/iframe><\/div>\n<\/div><\/figure>\n\n\n\n<p><\/p>\n","protected":false},"excerpt":{"rendered":"<p>Il 30 giugno dell&#8217;Urban Center di Trieste verr\u00e0 presentato il 7\u00b0 Rapporto sulla Bioeconomia in Europa.<\/p>\n","protected":false},"author":2,"featured_media":9236,"comment_status":"closed","ping_status":"closed","sticky":false,"template":"","format":"standard","meta":{"_acf_changed":false,"inline_featured_image":false,"footnotes":""},"categories":[18],"tags":[],"class_list":["post-9226","post","type-post","status-publish","format-standard","has-post-thumbnail","hentry","category-corporate"],"acf":[],"yoast_head":"<!-- This site is optimized with the Yoast SEO plugin v27.4 - https:\/\/yoast.com\/product\/yoast-seo-wordpress\/ -->\n<title>Presentazione del VII rapporto sulla bioeconomia in Europa - Bio4Dreams<\/title>\n<meta name=\"description\" content=\"Il 30 giugno dall&#039;Urban Center di Trieste verr\u00e0 presentato il 7\u00b0 Rapporto sulla Bioeconomia in Europa di Intesa Sanpaolo con Cluster SPRING e Federchimica Assobiotec.\" \/>\n<meta name=\"robots\" content=\"index, follow, max-snippet:-1, max-image-preview:large, max-video-preview:-1\" \/>\n<link rel=\"canonical\" href=\"https:\/\/bio4dreams.com\/presentazione-vii-rapporto-bioeconomia-in-europa\/\" \/>\n<meta property=\"og:locale\" content=\"en_US\" \/>\n<meta property=\"og:type\" content=\"article\" \/>\n<meta property=\"og:title\" content=\"Presentazione del VII rapporto sulla bioeconomia in Europa - Bio4Dreams\" \/>\n<meta property=\"og:description\" content=\"Il 30 giugno dall&#039;Urban Center di Trieste verr\u00e0 presentato il 7\u00b0 Rapporto sulla Bioeconomia in Europa di Intesa Sanpaolo con Cluster SPRING e Federchimica Assobiotec.\" \/>\n<meta property=\"og:url\" content=\"https:\/\/bio4dreams.com\/presentazione-vii-rapporto-bioeconomia-in-europa\/\" \/>\n<meta property=\"og:site_name\" content=\"Bio4Dreams\" \/>\n<meta property=\"article:publisher\" content=\"https:\/\/www.facebook.com\/Bio4Dreams\/\" \/>\n<meta property=\"article:published_time\" content=\"2021-06-30T14:25:00+00:00\" \/>\n<meta property=\"article:modified_time\" content=\"2025-07-18T08:36:35+00:00\" \/>\n<meta property=\"og:image\" content=\"https:\/\/bio4dreams.com\/wp-content\/uploads\/VII-rapporto-bioeconomia-europa-urban-center-trieste.jpg\" \/>\n\t<meta property=\"og:image:width\" content=\"1200\" \/>\n\t<meta property=\"og:image:height\" content=\"628\" \/>\n\t<meta property=\"og:image:type\" content=\"image\/jpeg\" \/>\n<meta name=\"author\" content=\"Bio4Dreams\" \/>\n<meta name=\"twitter:card\" content=\"summary_large_image\" \/>\n<meta name=\"twitter:creator\" content=\"@bio4dreams\" \/>\n<meta name=\"twitter:site\" content=\"@bio4dreams\" \/>\n<meta name=\"twitter:label1\" content=\"Written by\" \/>\n\t<meta name=\"twitter:data1\" content=\"Bio4Dreams\" \/>\n\t<meta name=\"twitter:label2\" content=\"Est. reading time\" \/>\n\t<meta name=\"twitter:data2\" content=\"3 minutes\" \/>\n<script type=\"application\/ld+json\" class=\"yoast-schema-graph\">{\"@context\":\"https:\\\/\\\/schema.org\",\"@graph\":[{\"@type\":\"Article\",\"@id\":\"https:\\\/\\\/bio4dreams.com\\\/presentazione-vii-rapporto-bioeconomia-in-europa\\\/#article\",\"isPartOf\":{\"@id\":\"https:\\\/\\\/bio4dreams.com\\\/presentazione-vii-rapporto-bioeconomia-in-europa\\\/\"},\"author\":{\"name\":\"Bio4Dreams\",\"@id\":\"https:\\\/\\\/bio4dreams.com\\\/#\\\/schema\\\/person\\\/46cd3f9ef1ad642ee3f40a199ff79588\"},\"headline\":\"Presentazione del VII rapporto sulla bioeconomia in Europa\",\"datePublished\":\"2021-06-30T14:25:00+00:00\",\"dateModified\":\"2025-07-18T08:36:35+00:00\",\"mainEntityOfPage\":{\"@id\":\"https:\\\/\\\/bio4dreams.com\\\/presentazione-vii-rapporto-bioeconomia-in-europa\\\/\"},\"wordCount\":422,\"publisher\":{\"@id\":\"https:\\\/\\\/bio4dreams.com\\\/#organization\"},\"image\":{\"@id\":\"https:\\\/\\\/bio4dreams.com\\\/presentazione-vii-rapporto-bioeconomia-in-europa\\\/#primaryimage\"},\"thumbnailUrl\":\"https:\\\/\\\/bio4dreams.com\\\/wp-content\\\/uploads\\\/VII-rapporto-bioeconomia-europa-urban-center-trieste.jpg\",\"articleSection\":[\"Corporate\"],\"inLanguage\":\"en-US\"},{\"@type\":\"WebPage\",\"@id\":\"https:\\\/\\\/bio4dreams.com\\\/presentazione-vii-rapporto-bioeconomia-in-europa\\\/\",\"url\":\"https:\\\/\\\/bio4dreams.com\\\/presentazione-vii-rapporto-bioeconomia-in-europa\\\/\",\"name\":\"Presentazione del VII rapporto sulla bioeconomia in Europa - Bio4Dreams\",\"isPartOf\":{\"@id\":\"https:\\\/\\\/bio4dreams.com\\\/#website\"},\"primaryImageOfPage\":{\"@id\":\"https:\\\/\\\/bio4dreams.com\\\/presentazione-vii-rapporto-bioeconomia-in-europa\\\/#primaryimage\"},\"image\":{\"@id\":\"https:\\\/\\\/bio4dreams.com\\\/presentazione-vii-rapporto-bioeconomia-in-europa\\\/#primaryimage\"},\"thumbnailUrl\":\"https:\\\/\\\/bio4dreams.com\\\/wp-content\\\/uploads\\\/VII-rapporto-bioeconomia-europa-urban-center-trieste.jpg\",\"datePublished\":\"2021-06-30T14:25:00+00:00\",\"dateModified\":\"2025-07-18T08:36:35+00:00\",\"description\":\"Il 30 giugno dall'Urban Center di Trieste verr\u00e0 presentato il 7\u00b0 Rapporto sulla Bioeconomia in Europa di Intesa Sanpaolo con Cluster SPRING e Federchimica Assobiotec.\",\"breadcrumb\":{\"@id\":\"https:\\\/\\\/bio4dreams.com\\\/presentazione-vii-rapporto-bioeconomia-in-europa\\\/#breadcrumb\"},\"inLanguage\":\"en-US\",\"potentialAction\":[{\"@type\":\"ReadAction\",\"target\":[\"https:\\\/\\\/bio4dreams.com\\\/presentazione-vii-rapporto-bioeconomia-in-europa\\\/\"]}]},{\"@type\":\"ImageObject\",\"inLanguage\":\"en-US\",\"@id\":\"https:\\\/\\\/bio4dreams.com\\\/presentazione-vii-rapporto-bioeconomia-in-europa\\\/#primaryimage\",\"url\":\"https:\\\/\\\/bio4dreams.com\\\/wp-content\\\/uploads\\\/VII-rapporto-bioeconomia-europa-urban-center-trieste.jpg\",\"contentUrl\":\"https:\\\/\\\/bio4dreams.com\\\/wp-content\\\/uploads\\\/VII-rapporto-bioeconomia-europa-urban-center-trieste.jpg\",\"width\":1200,\"height\":628,\"caption\":\"VII rapporto sulla bioeconomia in Europa\"},{\"@type\":\"BreadcrumbList\",\"@id\":\"https:\\\/\\\/bio4dreams.com\\\/presentazione-vii-rapporto-bioeconomia-in-europa\\\/#breadcrumb\",\"itemListElement\":[{\"@type\":\"ListItem\",\"position\":1,\"name\":\"Home\",\"item\":\"https:\\\/\\\/bio4dreams.com\\\/en\\\/home\\\/\"},{\"@type\":\"ListItem\",\"position\":2,\"name\":\"Presentazione del VII rapporto sulla bioeconomia in Europa\"}]},{\"@type\":\"WebSite\",\"@id\":\"https:\\\/\\\/bio4dreams.com\\\/#website\",\"url\":\"https:\\\/\\\/bio4dreams.com\\\/\",\"name\":\"Bio4Dreams\",\"description\":\"La Business Nursery per le Scienze della Vita\",\"publisher\":{\"@id\":\"https:\\\/\\\/bio4dreams.com\\\/#organization\"},\"potentialAction\":[{\"@type\":\"SearchAction\",\"target\":{\"@type\":\"EntryPoint\",\"urlTemplate\":\"https:\\\/\\\/bio4dreams.com\\\/?s={search_term_string}\"},\"query-input\":{\"@type\":\"PropertyValueSpecification\",\"valueRequired\":true,\"valueName\":\"search_term_string\"}}],\"inLanguage\":\"en-US\"},{\"@type\":\"Organization\",\"@id\":\"https:\\\/\\\/bio4dreams.com\\\/#organization\",\"name\":\"Bio4Dreams S.p.A.\",\"url\":\"https:\\\/\\\/bio4dreams.com\\\/\",\"logo\":{\"@type\":\"ImageObject\",\"inLanguage\":\"en-US\",\"@id\":\"https:\\\/\\\/bio4dreams.com\\\/#\\\/schema\\\/logo\\\/image\\\/\",\"url\":\"\",\"contentUrl\":\"\",\"caption\":\"Bio4Dreams S.p.A.\"},\"image\":{\"@id\":\"https:\\\/\\\/bio4dreams.com\\\/#\\\/schema\\\/logo\\\/image\\\/\"},\"sameAs\":[\"https:\\\/\\\/www.facebook.com\\\/Bio4Dreams\\\/\",\"https:\\\/\\\/x.com\\\/bio4dreams\",\"https:\\\/\\\/www.instagram.com\\\/bio4dreams\\\/\",\"https:\\\/\\\/it.linkedin.com\\\/company\\\/bio4dreams\",\"https:\\\/\\\/www.youtube.com\\\/channel\\\/UClKlMPs6Lgd23ZIHlnCI4QA\"]},{\"@type\":\"Person\",\"@id\":\"https:\\\/\\\/bio4dreams.com\\\/#\\\/schema\\\/person\\\/46cd3f9ef1ad642ee3f40a199ff79588\",\"name\":\"Bio4Dreams\",\"image\":{\"@type\":\"ImageObject\",\"inLanguage\":\"en-US\",\"@id\":\"https:\\\/\\\/secure.gravatar.com\\\/avatar\\\/b01bebe85fb01519a2f8a5a3197c5ed994c848e6a4b167c2cb0a0cbc77e8bfed?s=96&d=mm&r=g\",\"url\":\"https:\\\/\\\/secure.gravatar.com\\\/avatar\\\/b01bebe85fb01519a2f8a5a3197c5ed994c848e6a4b167c2cb0a0cbc77e8bfed?s=96&d=mm&r=g\",\"contentUrl\":\"https:\\\/\\\/secure.gravatar.com\\\/avatar\\\/b01bebe85fb01519a2f8a5a3197c5ed994c848e6a4b167c2cb0a0cbc77e8bfed?s=96&d=mm&r=g\",\"caption\":\"Bio4Dreams\"}}]}<\/script>\n<!-- \/ Yoast SEO plugin. -->","yoast_head_json":{"title":"Presentazione del VII rapporto sulla bioeconomia in Europa - Bio4Dreams","description":"Il 30 giugno dall'Urban Center di Trieste verr\u00e0 presentato il 7\u00b0 Rapporto sulla Bioeconomia in Europa di Intesa Sanpaolo con Cluster SPRING e Federchimica Assobiotec.","robots":{"index":"index","follow":"follow","max-snippet":"max-snippet:-1","max-image-preview":"max-image-preview:large","max-video-preview":"max-video-preview:-1"},"canonical":"https:\/\/bio4dreams.com\/presentazione-vii-rapporto-bioeconomia-in-europa\/","og_locale":"en_US","og_type":"article","og_title":"Presentazione del VII rapporto sulla bioeconomia in Europa - Bio4Dreams","og_description":"Il 30 giugno dall'Urban Center di Trieste verr\u00e0 presentato il 7\u00b0 Rapporto sulla Bioeconomia in Europa di Intesa Sanpaolo con Cluster SPRING e Federchimica Assobiotec.","og_url":"https:\/\/bio4dreams.com\/presentazione-vii-rapporto-bioeconomia-in-europa\/","og_site_name":"Bio4Dreams","article_publisher":"https:\/\/www.facebook.com\/Bio4Dreams\/","article_published_time":"2021-06-30T14:25:00+00:00","article_modified_time":"2025-07-18T08:36:35+00:00","og_image":[{"width":1200,"height":628,"url":"https:\/\/bio4dreams.com\/wp-content\/uploads\/VII-rapporto-bioeconomia-europa-urban-center-trieste.jpg","type":"image\/jpeg"}],"author":"Bio4Dreams","twitter_card":"summary_large_image","twitter_creator":"@bio4dreams","twitter_site":"@bio4dreams","twitter_misc":{"Written by":"Bio4Dreams","Est. reading time":"3 minutes"},"schema":{"@context":"https:\/\/schema.org","@graph":[{"@type":"Article","@id":"https:\/\/bio4dreams.com\/presentazione-vii-rapporto-bioeconomia-in-europa\/#article","isPartOf":{"@id":"https:\/\/bio4dreams.com\/presentazione-vii-rapporto-bioeconomia-in-europa\/"},"author":{"name":"Bio4Dreams","@id":"https:\/\/bio4dreams.com\/#\/schema\/person\/46cd3f9ef1ad642ee3f40a199ff79588"},"headline":"Presentazione del VII rapporto sulla bioeconomia in Europa","datePublished":"2021-06-30T14:25:00+00:00","dateModified":"2025-07-18T08:36:35+00:00","mainEntityOfPage":{"@id":"https:\/\/bio4dreams.com\/presentazione-vii-rapporto-bioeconomia-in-europa\/"},"wordCount":422,"publisher":{"@id":"https:\/\/bio4dreams.com\/#organization"},"image":{"@id":"https:\/\/bio4dreams.com\/presentazione-vii-rapporto-bioeconomia-in-europa\/#primaryimage"},"thumbnailUrl":"https:\/\/bio4dreams.com\/wp-content\/uploads\/VII-rapporto-bioeconomia-europa-urban-center-trieste.jpg","articleSection":["Corporate"],"inLanguage":"en-US"},{"@type":"WebPage","@id":"https:\/\/bio4dreams.com\/presentazione-vii-rapporto-bioeconomia-in-europa\/","url":"https:\/\/bio4dreams.com\/presentazione-vii-rapporto-bioeconomia-in-europa\/","name":"Presentazione del VII rapporto sulla bioeconomia in Europa - Bio4Dreams","isPartOf":{"@id":"https:\/\/bio4dreams.com\/#website"},"primaryImageOfPage":{"@id":"https:\/\/bio4dreams.com\/presentazione-vii-rapporto-bioeconomia-in-europa\/#primaryimage"},"image":{"@id":"https:\/\/bio4dreams.com\/presentazione-vii-rapporto-bioeconomia-in-europa\/#primaryimage"},"thumbnailUrl":"https:\/\/bio4dreams.com\/wp-content\/uploads\/VII-rapporto-bioeconomia-europa-urban-center-trieste.jpg","datePublished":"2021-06-30T14:25:00+00:00","dateModified":"2025-07-18T08:36:35+00:00","description":"Il 30 giugno dall'Urban Center di Trieste verr\u00e0 presentato il 7\u00b0 Rapporto sulla Bioeconomia in Europa di Intesa Sanpaolo con Cluster SPRING e Federchimica Assobiotec.","breadcrumb":{"@id":"https:\/\/bio4dreams.com\/presentazione-vii-rapporto-bioeconomia-in-europa\/#breadcrumb"},"inLanguage":"en-US","potentialAction":[{"@type":"ReadAction","target":["https:\/\/bio4dreams.com\/presentazione-vii-rapporto-bioeconomia-in-europa\/"]}]},{"@type":"ImageObject","inLanguage":"en-US","@id":"https:\/\/bio4dreams.com\/presentazione-vii-rapporto-bioeconomia-in-europa\/#primaryimage","url":"https:\/\/bio4dreams.com\/wp-content\/uploads\/VII-rapporto-bioeconomia-europa-urban-center-trieste.jpg","contentUrl":"https:\/\/bio4dreams.com\/wp-content\/uploads\/VII-rapporto-bioeconomia-europa-urban-center-trieste.jpg","width":1200,"height":628,"caption":"VII rapporto sulla bioeconomia in Europa"},{"@type":"BreadcrumbList","@id":"https:\/\/bio4dreams.com\/presentazione-vii-rapporto-bioeconomia-in-europa\/#breadcrumb","itemListElement":[{"@type":"ListItem","position":1,"name":"Home","item":"https:\/\/bio4dreams.com\/en\/home\/"},{"@type":"ListItem","position":2,"name":"Presentazione del VII rapporto sulla bioeconomia in Europa"}]},{"@type":"WebSite","@id":"https:\/\/bio4dreams.com\/#website","url":"https:\/\/bio4dreams.com\/","name":"Bio4Dreams","description":"La Business Nursery per le Scienze della Vita","publisher":{"@id":"https:\/\/bio4dreams.com\/#organization"},"potentialAction":[{"@type":"SearchAction","target":{"@type":"EntryPoint","urlTemplate":"https:\/\/bio4dreams.com\/?s={search_term_string}"},"query-input":{"@type":"PropertyValueSpecification","valueRequired":true,"valueName":"search_term_string"}}],"inLanguage":"en-US"},{"@type":"Organization","@id":"https:\/\/bio4dreams.com\/#organization","name":"Bio4Dreams S.p.A.","url":"https:\/\/bio4dreams.com\/","logo":{"@type":"ImageObject","inLanguage":"en-US","@id":"https:\/\/bio4dreams.com\/#\/schema\/logo\/image\/","url":"","contentUrl":"","caption":"Bio4Dreams S.p.A."},"image":{"@id":"https:\/\/bio4dreams.com\/#\/schema\/logo\/image\/"},"sameAs":["https:\/\/www.facebook.com\/Bio4Dreams\/","https:\/\/x.com\/bio4dreams","https:\/\/www.instagram.com\/bio4dreams\/","https:\/\/it.linkedin.com\/company\/bio4dreams","https:\/\/www.youtube.com\/channel\/UClKlMPs6Lgd23ZIHlnCI4QA"]},{"@type":"Person","@id":"https:\/\/bio4dreams.com\/#\/schema\/person\/46cd3f9ef1ad642ee3f40a199ff79588","name":"Bio4Dreams","image":{"@type":"ImageObject","inLanguage":"en-US","@id":"https:\/\/secure.gravatar.com\/avatar\/b01bebe85fb01519a2f8a5a3197c5ed994c848e6a4b167c2cb0a0cbc77e8bfed?s=96&d=mm&r=g","url":"https:\/\/secure.gravatar.com\/avatar\/b01bebe85fb01519a2f8a5a3197c5ed994c848e6a4b167c2cb0a0cbc77e8bfed?s=96&d=mm&r=g","contentUrl":"https:\/\/secure.gravatar.com\/avatar\/b01bebe85fb01519a2f8a5a3197c5ed994c848e6a4b167c2cb0a0cbc77e8bfed?s=96&d=mm&r=g","caption":"Bio4Dreams"}}]}},"_links":{"self":[{"href":"https:\/\/bio4dreams.com\/en\/wp-json\/wp\/v2\/posts\/9226","targetHints":{"allow":["GET"]}}],"collection":[{"href":"https:\/\/bio4dreams.com\/en\/wp-json\/wp\/v2\/posts"}],"about":[{"href":"https:\/\/bio4dreams.com\/en\/wp-json\/wp\/v2\/types\/post"}],"author":[{"embeddable":true,"href":"https:\/\/bio4dreams.com\/en\/wp-json\/wp\/v2\/users\/2"}],"replies":[{"embeddable":true,"href":"https:\/\/bio4dreams.com\/en\/wp-json\/wp\/v2\/comments?post=9226"}],"version-history":[{"count":2,"href":"https:\/\/bio4dreams.com\/en\/wp-json\/wp\/v2\/posts\/9226\/revisions"}],"predecessor-version":[{"id":19696,"href":"https:\/\/bio4dreams.com\/en\/wp-json\/wp\/v2\/posts\/9226\/revisions\/19696"}],"wp:featuredmedia":[{"embeddable":true,"href":"https:\/\/bio4dreams.com\/en\/wp-json\/wp\/v2\/media\/9236"}],"wp:attachment":[{"href":"https:\/\/bio4dreams.com\/en\/wp-json\/wp\/v2\/media?parent=9226"}],"wp:term":[{"taxonomy":"category","embeddable":true,"href":"https:\/\/bio4dreams.com\/en\/wp-json\/wp\/v2\/categories?post=9226"},{"taxonomy":"post_tag","embeddable":true,"href":"https:\/\/bio4dreams.com\/en\/wp-json\/wp\/v2\/tags?post=9226"}],"curies":[{"name":"wp","href":"https:\/\/api.w.org\/{rel}","templated":true}]}}